{"id":7606,"date":"2025-12-07T18:08:44","date_gmt":"2025-12-07T17:08:44","guid":{"rendered":"https:\/\/amc-arnsberg.de\/?p=7606"},"modified":"2025-12-13T16:34:03","modified_gmt":"2025-12-13T15:34:03","slug":"jahresabschlussfeier-am-05-12-2025","status":"publish","type":"post","link":"https:\/\/www.amc-arnsberg.de\/?p=7606","title":{"rendered":"Jahresabschlussfeier am 05.12.2025"},"content":{"rendered":"\n<p><strong>R\u00fcckblick auf ein erfolgreiches Vereinsjahr<\/strong><\/p>\n\n\n\n<p>Am Freitag, dem<strong> 05. Dezember 2025<\/strong>, fand die traditionelle<strong> Jahresabschlussfeier des AMC Arnsberg<\/strong> statt. In festlicher Atmosph\u00e4re er\u00f6ffnete der<strong> 1. Vorsitzende Heinz-Schulte Hobein<\/strong> den Abend und begr\u00fc\u00dfte die zahlreich erschienenen Mitglieder. Bevor das reichhaltige Buffet freigegeben wurde, standen zun\u00e4chst die ersten <strong>Ehrungen und Danksagungen<\/strong> im Mittelpunkt \u2013 ein w\u00fcrdiger Rahmen, um das ehrenamtliche Engagement und die sportlichen Leistungen des Jahres zu w\u00fcrdigen.<\/p>\n\n\n\n<h4 class=\"wp-block-heading\"><strong>Ehrungen f\u00fcr langj\u00e4hrige Mitgliedschaft &amp; Engagement<\/strong><\/h4>\n\n\n\n<p><strong>Dirk Waldeyer \u2013 langj\u00e4hrige Mitgliedschaft<\/strong><\/p>\n\n\n\n<p>Besonders geehrt wurde <strong>Dirk Waldeyer<\/strong>, der sich seit vielen Jahren als <strong>Touristikleiter<\/strong> engagiert. Er organisiert zahlreiche touristische und klassische Veranstaltungen, darunter Ausfahrten, Treffen und Oldtimer- sowie Motorrad-Events wie die Schinkenrallye, das Motorrad-Klassiker-Treffen oder die Ausstellung beim H\u00fcstener Herbst. Auch das Sammeln von Spenden f\u00fcr soziale Projekte \u2013 etwa f\u00fcr das \u00f6rtliche Hospiz \u2013 geh\u00f6rt zu seinem Einsatz.<br>Dirk ist eine Schl\u00fcsselfigur im Vereinsleben und tr\u00e4gt ma\u00dfgeblich zur lebendigen Oldtimer-Gemeinschaft des AMC Arnsberg bei.<\/p>\n\n\n\n<figure class=\"wp-block-image size-full\"><a href=\"https:\/\/amc-arnsberg.de\/wp-content\/uploads\/2025\/12\/DSC03864.jpg\"><img loading=\"lazy\" decoding=\"async\" width=\"683\" height=\"1024\" src=\"https:\/\/amc-arnsberg.de\/wp-content\/uploads\/2025\/12\/DSC03864.jpg\" alt=\"\" class=\"wp-image-7612\" srcset=\"https:\/\/www.amc-arnsberg.de\/wp-content\/uploads\/2025\/12\/DSC03864.jpg 683w, https:\/\/www.amc-arnsberg.de\/wp-content\/uploads\/2025\/12\/DSC03864-200x300.jpg 200w\" sizes=\"auto, (max-width: 683px) 100vw, 683px\" \/><\/a><\/figure>\n\n\n\n<p><strong>Udo Sroka \u2013 langj\u00e4hrige Mitgliedschaft<\/strong><\/p>\n\n\n\n<p>Auch <strong>Udo Sroka<\/strong> erhielt eine Auszeichnung. Als Fahrtleiter hat er die letzten \u201eCabrio-Ausfahrten\u201c verantwortet, ist mehrfacher Gewinner der Clubmeisterschaft und als <strong>2. Vorsitzender<\/strong> ein wichtiges Mitglied des Vorstandes<\/p>\n\n\n\n<figure class=\"wp-block-image size-full\"><a href=\"https:\/\/amc-arnsberg.de\/wp-content\/uploads\/2025\/12\/DSC03865.jpg\"><img loading=\"lazy\" decoding=\"async\" width=\"683\" height=\"1024\" src=\"https:\/\/amc-arnsberg.de\/wp-content\/uploads\/2025\/12\/DSC03865.jpg\" alt=\"\" class=\"wp-image-7613\" srcset=\"https:\/\/www.amc-arnsberg.de\/wp-content\/uploads\/2025\/12\/DSC03865.jpg 683w, https:\/\/www.amc-arnsberg.de\/wp-content\/uploads\/2025\/12\/DSC03865-200x300.jpg 200w\" sizes=\"auto, (max-width: 683px) 100vw, 683px\" \/><\/a><\/figure>\n\n\n\n<h4 class=\"wp-block-heading\">Danksagungen &amp; besondere Auszeichnungen<\/h4>\n\n\n\n<p><strong>Dieter-Zantner-Ged\u00e4chtnisfahrt<\/strong><\/p>\n\n\n\n<p>F\u00fcr die Organisation der diesj\u00e4hrigen <strong>Dieter-Zantner-Ged\u00e4chtnisfahrt<\/strong> wurden <strong>Michael Dahne<\/strong> und <strong>J\u00fcrgen Kunstmann<\/strong> geehrt.<br><strong>Bernd Ro\u00df<\/strong> und <strong>Heinz-Schulte Hobein<\/strong> wurden als Sieger der Fahrt ausgezeichnet.<\/p>\n\n\n\n<figure class=\"wp-block-gallery has-nested-images columns-default wp-block-gallery-1 is-layout-flex wp-block-gallery-is-layout-flex\">\n<figure class=\"wp-block-image size-large\"><a href=\"https:\/\/amc-arnsberg.de\/wp-content\/uploads\/2025\/12\/DSC03868.jpg\"><img loading=\"lazy\" decoding=\"async\" width=\"1024\" height=\"683\" data-id=\"7614\" src=\"https:\/\/amc-arnsberg.de\/wp-content\/uploads\/2025\/12\/DSC03868.jpg\" alt=\"\" class=\"wp-image-7614\" srcset=\"https:\/\/www.amc-arnsberg.de\/wp-content\/uploads\/2025\/12\/DSC03868.jpg 1024w, https:\/\/www.amc-arnsberg.de\/wp-content\/uploads\/2025\/12\/DSC03868-300x200.jpg 300w, https:\/\/www.amc-arnsberg.de\/wp-content\/uploads\/2025\/12\/DSC03868-768x512.jpg 768w\" sizes=\"auto, (max-width: 767px) 89vw, (max-width: 1000px) 54vw, (max-width: 1071px) 543px, 580px\" \/><\/a><\/figure>\n\n\n\n<figure class=\"wp-block-image size-large\"><a href=\"https:\/\/amc-arnsberg.de\/wp-content\/uploads\/2025\/12\/DSC03871.jpg\"><img loading=\"lazy\" decoding=\"async\" width=\"1024\" height=\"683\" data-id=\"7616\" src=\"https:\/\/amc-arnsberg.de\/wp-content\/uploads\/2025\/12\/DSC03871.jpg\" alt=\"\" class=\"wp-image-7616\" srcset=\"https:\/\/www.amc-arnsberg.de\/wp-content\/uploads\/2025\/12\/DSC03871.jpg 1024w, https:\/\/www.amc-arnsberg.de\/wp-content\/uploads\/2025\/12\/DSC03871-300x200.jpg 300w, https:\/\/www.amc-arnsberg.de\/wp-content\/uploads\/2025\/12\/DSC03871-768x512.jpg 768w\" sizes=\"auto, (max-width: 767px) 89vw, (max-width: 1000px) 54vw, (max-width: 1071px) 543px, 580px\" \/><\/a><\/figure>\n\n\n\n<figure class=\"wp-block-image size-large\"><a href=\"https:\/\/amc-arnsberg.de\/wp-content\/uploads\/2025\/12\/DSC03875.jpg\"><img loading=\"lazy\" decoding=\"async\" width=\"683\" height=\"1024\" data-id=\"7615\" src=\"https:\/\/amc-arnsberg.de\/wp-content\/uploads\/2025\/12\/DSC03875.jpg\" alt=\"\" class=\"wp-image-7615\" srcset=\"https:\/\/www.amc-arnsberg.de\/wp-content\/uploads\/2025\/12\/DSC03875.jpg 683w, https:\/\/www.amc-arnsberg.de\/wp-content\/uploads\/2025\/12\/DSC03875-200x300.jpg 200w\" sizes=\"auto, (max-width: 683px) 100vw, 683px\" \/><\/a><\/figure>\n<\/figure>\n\n\n\n<p><strong>Clubmeisterschaft 2025<\/strong><\/p>\n\n\n\n<p>Die Clubmeister des AMC Arnsberg wurden ebenfalls geehrt:<\/p>\n\n\n\n<ol class=\"wp-block-list\">\n<li>Platz: Bernd Ro\u00df<\/li>\n\n\n\n<li>Platz: Heinz-Schulte Hobein<\/li>\n\n\n\n<li>Platz: Michael Dahne &amp; J\u00fcrgen Kunstmann<\/li>\n<\/ol>\n\n\n\n<p>Zus\u00e4tzlich erhielt <strong>Bernd Ro\u00df<\/strong> den Titel <strong>\u201eSportler des Jahres\u201c<\/strong> \u2013 eine Anerkennung f\u00fcr seine hervorragenden Leistungen und seinen unerm\u00fcdlichen Einsatz.<\/p>\n\n\n\n<figure class=\"wp-block-gallery has-nested-images columns-default wp-block-gallery-2 is-layout-flex wp-block-gallery-is-layout-flex\">\n<figure class=\"wp-block-image size-large\"><a href=\"https:\/\/amc-arnsberg.de\/wp-content\/uploads\/2025\/12\/DSC03877.jpg\"><img loading=\"lazy\" decoding=\"async\" width=\"1024\" height=\"683\" data-id=\"7619\" src=\"https:\/\/amc-arnsberg.de\/wp-content\/uploads\/2025\/12\/DSC03877.jpg\" alt=\"\" class=\"wp-image-7619\" srcset=\"https:\/\/www.amc-arnsberg.de\/wp-content\/uploads\/2025\/12\/DSC03877.jpg 1024w, https:\/\/www.amc-arnsberg.de\/wp-content\/uploads\/2025\/12\/DSC03877-300x200.jpg 300w, https:\/\/www.amc-arnsberg.de\/wp-content\/uploads\/2025\/12\/DSC03877-768x512.jpg 768w\" sizes=\"auto, (max-width: 767px) 89vw, (max-width: 1000px) 54vw, (max-width: 1071px) 543px, 580px\" \/><\/a><\/figure>\n\n\n\n<figure class=\"wp-block-image size-large\"><a href=\"https:\/\/amc-arnsberg.de\/wp-content\/uploads\/2025\/12\/DSC03882.jpg\"><img loading=\"lazy\" decoding=\"async\" width=\"683\" height=\"1024\" data-id=\"7617\" src=\"https:\/\/amc-arnsberg.de\/wp-content\/uploads\/2025\/12\/DSC03882.jpg\" alt=\"\" class=\"wp-image-7617\" srcset=\"https:\/\/www.amc-arnsberg.de\/wp-content\/uploads\/2025\/12\/DSC03882.jpg 683w, https:\/\/www.amc-arnsberg.de\/wp-content\/uploads\/2025\/12\/DSC03882-200x300.jpg 200w\" sizes=\"auto, (max-width: 683px) 100vw, 683px\" \/><\/a><\/figure>\n\n\n\n<figure class=\"wp-block-image size-large\"><a href=\"https:\/\/amc-arnsberg.de\/wp-content\/uploads\/2025\/12\/DSC03886.jpg\"><img loading=\"lazy\" decoding=\"async\" width=\"1024\" height=\"683\" data-id=\"7620\" src=\"https:\/\/amc-arnsberg.de\/wp-content\/uploads\/2025\/12\/DSC03886.jpg\" alt=\"\" class=\"wp-image-7620\" srcset=\"https:\/\/www.amc-arnsberg.de\/wp-content\/uploads\/2025\/12\/DSC03886.jpg 1024w, https:\/\/www.amc-arnsberg.de\/wp-content\/uploads\/2025\/12\/DSC03886-300x200.jpg 300w, https:\/\/www.amc-arnsberg.de\/wp-content\/uploads\/2025\/12\/DSC03886-768x512.jpg 768w\" sizes=\"auto, (max-width: 767px) 89vw, (max-width: 1000px) 54vw, (max-width: 1071px) 543px, 580px\" \/><\/a><\/figure>\n\n\n\n<figure class=\"wp-block-image size-large\"><a href=\"https:\/\/amc-arnsberg.de\/wp-content\/uploads\/2025\/12\/DSC03887.jpg\"><img loading=\"lazy\" decoding=\"async\" width=\"1024\" height=\"683\" data-id=\"7621\" src=\"https:\/\/amc-arnsberg.de\/wp-content\/uploads\/2025\/12\/DSC03887.jpg\" alt=\"\" class=\"wp-image-7621\" srcset=\"https:\/\/www.amc-arnsberg.de\/wp-content\/uploads\/2025\/12\/DSC03887.jpg 1024w, https:\/\/www.amc-arnsberg.de\/wp-content\/uploads\/2025\/12\/DSC03887-300x200.jpg 300w, https:\/\/www.amc-arnsberg.de\/wp-content\/uploads\/2025\/12\/DSC03887-768x512.jpg 768w\" sizes=\"auto, (max-width: 767px) 89vw, (max-width: 1000px) 54vw, (max-width: 1071px) 543px, 580px\" \/><\/a><\/figure>\n\n\n\n<figure class=\"wp-block-image size-large\"><a href=\"https:\/\/amc-arnsberg.de\/wp-content\/uploads\/2025\/12\/DSC03889.jpg\"><img loading=\"lazy\" decoding=\"async\" width=\"1024\" height=\"683\" data-id=\"7618\" src=\"https:\/\/amc-arnsberg.de\/wp-content\/uploads\/2025\/12\/DSC03889.jpg\" alt=\"\" class=\"wp-image-7618\" srcset=\"https:\/\/www.amc-arnsberg.de\/wp-content\/uploads\/2025\/12\/DSC03889.jpg 1024w, https:\/\/www.amc-arnsberg.de\/wp-content\/uploads\/2025\/12\/DSC03889-300x200.jpg 300w, https:\/\/www.amc-arnsberg.de\/wp-content\/uploads\/2025\/12\/DSC03889-768x512.jpg 768w\" sizes=\"auto, (max-width: 767px) 89vw, (max-width: 1000px) 54vw, (max-width: 1071px) 543px, 580px\" \/><\/a><\/figure>\n\n\n\n<figure class=\"wp-block-image size-large\"><a href=\"https:\/\/amc-arnsberg.de\/wp-content\/uploads\/2025\/12\/DSC03890.jpg\"><img loading=\"lazy\" decoding=\"async\" width=\"1024\" height=\"683\" data-id=\"7622\" src=\"https:\/\/amc-arnsberg.de\/wp-content\/uploads\/2025\/12\/DSC03890.jpg\" alt=\"\" class=\"wp-image-7622\" srcset=\"https:\/\/www.amc-arnsberg.de\/wp-content\/uploads\/2025\/12\/DSC03890.jpg 1024w, https:\/\/www.amc-arnsberg.de\/wp-content\/uploads\/2025\/12\/DSC03890-300x200.jpg 300w, https:\/\/www.amc-arnsberg.de\/wp-content\/uploads\/2025\/12\/DSC03890-768x512.jpg 768w\" sizes=\"auto, (max-width: 767px) 89vw, (max-width: 1000px) 54vw, (max-width: 1071px) 543px, 580px\" \/><\/a><\/figure>\n<\/figure>\n\n\n\n<h4 class=\"wp-block-heading\">ADAC-Ehrungen<\/h4>\n\n\n\n<p><strong>50 Jahre ADAC \u2013 Clemens Fischer<\/strong><\/p>\n\n\n\n<p>F\u00fcr ein halbes Jahrhundert ADAC-Zugeh\u00f6rigkeit wurde <strong>Clemens Fischer<\/strong> geehrt. Gemeinsam mit Gerd Hakenesch erreichte er in der <strong>Youngtimer Trophy<\/strong> unter \u00fcber 200 Teilnehmern einen bemerkenswerten 5. Platz mit einem Porsche 924.<br>Sein motorsportlicher Weg f\u00fchrte ihn zudem in die <strong>VLN<\/strong>, u. a. mit einem Peugeot 205 GTi und einem Renault Clio Cup.<\/p>\n\n\n\n<figure class=\"wp-block-image size-full\"><a href=\"https:\/\/amc-arnsberg.de\/wp-content\/uploads\/2025\/12\/DSC03899.jpg\"><img loading=\"lazy\" decoding=\"async\" width=\"1024\" height=\"683\" src=\"https:\/\/amc-arnsberg.de\/wp-content\/uploads\/2025\/12\/DSC03899.jpg\" alt=\"\" class=\"wp-image-7623\" srcset=\"https:\/\/www.amc-arnsberg.de\/wp-content\/uploads\/2025\/12\/DSC03899.jpg 1024w, https:\/\/www.amc-arnsberg.de\/wp-content\/uploads\/2025\/12\/DSC03899-300x200.jpg 300w, https:\/\/www.amc-arnsberg.de\/wp-content\/uploads\/2025\/12\/DSC03899-768x512.jpg 768w\" sizes=\"auto, (max-width: 767px) 89vw, (max-width: 1000px) 54vw, (max-width: 1071px) 543px, 580px\" \/><\/a><\/figure>\n\n\n\n<p><strong>40 Jahre ADAC \u2013 Markus Werneke<\/strong><\/p>\n\n\n\n<p>F\u00fcr vier Jahrzehnte Treue zum ADAC wurde <strong>Markus Werneke<\/strong> ausgezeichnet.<\/p>\n\n\n\n<figure class=\"wp-block-image size-full\"><a href=\"https:\/\/amc-arnsberg.de\/wp-content\/uploads\/2025\/12\/DSC03896.jpg\"><img loading=\"lazy\" decoding=\"async\" width=\"1024\" height=\"683\" src=\"https:\/\/amc-arnsberg.de\/wp-content\/uploads\/2025\/12\/DSC03896.jpg\" alt=\"\" class=\"wp-image-7624\" srcset=\"https:\/\/www.amc-arnsberg.de\/wp-content\/uploads\/2025\/12\/DSC03896.jpg 1024w, https:\/\/www.amc-arnsberg.de\/wp-content\/uploads\/2025\/12\/DSC03896-300x200.jpg 300w, https:\/\/www.amc-arnsberg.de\/wp-content\/uploads\/2025\/12\/DSC03896-768x512.jpg 768w\" sizes=\"auto, (max-width: 767px) 89vw, (max-width: 1000px) 54vw, (max-width: 1071px) 543px, 580px\" \/><\/a><\/figure>\n\n\n\n<p><strong>Ewald-Kroth-Medaille in Bronze \u2013 Martin Schulte-Hobein<\/strong><\/p>\n\n\n\n<p>Die bronzene Ehrennadel erhielt <strong>Martin Schulte-Hobein <\/strong>f\u00fcr sein au\u00dfergew\u00f6hnliches Engagement im Club.<br>Er modernisierte u. a. die Zeitmessung per Tablet, vereinfachte Auswertungen und engagiert sich seit der Jugendgruppe aktiv im Motorsport. Zudem ist er mehrfacher Teilnehmer und Sieger verschiedenster Fahrten, darunter die Theodor-Kronenberg-Ged\u00e4chtnisfahrt.<\/p>\n\n\n\n<figure class=\"wp-block-image size-full\"><a href=\"https:\/\/amc-arnsberg.de\/wp-content\/uploads\/2025\/12\/DSC03901.jpg\"><img loading=\"lazy\" decoding=\"async\" width=\"683\" height=\"1024\" src=\"https:\/\/amc-arnsberg.de\/wp-content\/uploads\/2025\/12\/DSC03901.jpg\" alt=\"\" class=\"wp-image-7625\" srcset=\"https:\/\/www.amc-arnsberg.de\/wp-content\/uploads\/2025\/12\/DSC03901.jpg 683w, https:\/\/www.amc-arnsberg.de\/wp-content\/uploads\/2025\/12\/DSC03901-200x300.jpg 200w\" sizes=\"auto, (max-width: 683px) 100vw, 683px\" \/><\/a><\/figure>\n\n\n\n<p><strong>Ewald-Kroth-Medaille in Silber \u2013 Erich Schriek<\/strong><\/p>\n\n\n\n<p>Mit der silbernen Ehrennadel wurde <strong>Erich Schriek<\/strong> ausgezeichnet \u2013 f\u00fcr seine gro\u00dfen Verdienste um den Motor- und Oldtimersport. Eine besondere und verdiente Ehrung f\u00fcr jahrzehntelangen Einsatz.<\/p>\n\n\n\n<figure class=\"wp-block-image size-full\"><a href=\"https:\/\/amc-arnsberg.de\/wp-content\/uploads\/2025\/12\/DSC03902.jpg\"><img loading=\"lazy\" decoding=\"async\" width=\"1024\" height=\"683\" src=\"https:\/\/amc-arnsberg.de\/wp-content\/uploads\/2025\/12\/DSC03902.jpg\" alt=\"\" class=\"wp-image-7626\" srcset=\"https:\/\/www.amc-arnsberg.de\/wp-content\/uploads\/2025\/12\/DSC03902.jpg 1024w, https:\/\/www.amc-arnsberg.de\/wp-content\/uploads\/2025\/12\/DSC03902-300x200.jpg 300w, https:\/\/www.amc-arnsberg.de\/wp-content\/uploads\/2025\/12\/DSC03902-768x512.jpg 768w\" sizes=\"auto, (max-width: 767px) 89vw, (max-width: 1000px) 54vw, (max-width: 1071px) 543px, 580px\" \/><\/a><\/figure>\n\n\n\n<h4 class=\"wp-block-heading\">Gem\u00fctlicher Ausklang &amp; Blick ins neue Jahr<\/h4>\n\n\n\n<p>Nach dem offiziellen Teil lud ein reichhaltiges Buffet mit traditionellem Gr\u00fcnkohl mit Mettwurst sowie Schnitzelvarianten zum Genie\u00dfen und Fachsimpeln ein. In lockerer Atmosph\u00e4re lie\u00dfen die Mitglieder das Vereinsjahr Revue passieren \u2013 begleitet von vielen anregenden Benzingespr\u00e4chen.<\/p>\n\n\n\n<figure class=\"wp-block-gallery has-nested-images columns-default is-cropped wp-block-gallery-3 is-layout-flex wp-block-gallery-is-layout-flex\">\n<figure class=\"wp-block-image size-large\"><a href=\"https:\/\/amc-arnsberg.de\/wp-content\/uploads\/2025\/12\/DSC03893.jpg\"><img loading=\"lazy\" decoding=\"async\" width=\"1024\" height=\"683\" data-id=\"7628\" src=\"https:\/\/amc-arnsberg.de\/wp-content\/uploads\/2025\/12\/DSC03893.jpg\" alt=\"\" class=\"wp-image-7628\" srcset=\"https:\/\/www.amc-arnsberg.de\/wp-content\/uploads\/2025\/12\/DSC03893.jpg 1024w, https:\/\/www.amc-arnsberg.de\/wp-content\/uploads\/2025\/12\/DSC03893-300x200.jpg 300w, https:\/\/www.amc-arnsberg.de\/wp-content\/uploads\/2025\/12\/DSC03893-768x512.jpg 768w\" sizes=\"auto, (max-width: 767px) 89vw, (max-width: 1000px) 54vw, (max-width: 1071px) 543px, 580px\" \/><\/a><\/figure>\n\n\n\n<figure class=\"wp-block-image size-large\"><a href=\"https:\/\/amc-arnsberg.de\/wp-content\/uploads\/2025\/12\/DSC03906.jpg\"><img loading=\"lazy\" decoding=\"async\" width=\"683\" height=\"1024\" data-id=\"7627\" src=\"https:\/\/amc-arnsberg.de\/wp-content\/uploads\/2025\/12\/DSC03906.jpg\" alt=\"\" class=\"wp-image-7627\" srcset=\"https:\/\/www.amc-arnsberg.de\/wp-content\/uploads\/2025\/12\/DSC03906.jpg 683w, https:\/\/www.amc-arnsberg.de\/wp-content\/uploads\/2025\/12\/DSC03906-200x300.jpg 200w\" sizes=\"auto, (max-width: 683px) 100vw, 683px\" \/><\/a><\/figure>\n<\/figure>\n\n\n\n<p>Bereits jetzt laufen die Vorbereitungen f\u00fcr die Veranstaltungen 2026 auf Hochtouren. Besonders erfreulich: Die Anmeldung f\u00fcr die <strong>Arnsberger ADAC Klassik 2026<\/strong> ist bereits ge\u00f6ffnet.<\/p>\n","protected":false},"excerpt":{"rendered":"<p>R\u00fcckblick auf ein erfolgreiches Vereinsjahr Am Freitag, dem 05. Dezember 2025, fand die traditionelle Jahresabschlussfeier des AMC Arnsberg statt. In festlicher Atmosph\u00e4re er\u00f6ffnete der 1. Vorsitzende Heinz-Schulte Hobein den Abend und begr\u00fc\u00dfte die zahlreich erschienenen Mitglieder. Bevor das reichhaltige Buffet freigegeben wurde, standen zun\u00e4chst die ersten Ehrungen und Danksagungen im Mittelpunkt \u2013 ein w\u00fcrdiger Rahmen, &hellip; <\/p>\n<p class=\"link-more\"><a href=\"https:\/\/www.amc-arnsberg.de\/?p=7606\" class=\"more-link\"><span class=\"screen-reader-text\">\u201eJahresabschlussfeier am 05.12.2025\u201c<\/span> weiterlesen<\/a><\/p>\n","protected":false},"author":8,"featured_media":7611,"comment_status":"open","ping_status":"open","sticky":false,"template":"","format":"standard","meta":{"footnotes":""},"categories":[1],"tags":[],"class_list":["post-7606","post","type-post","status-publish","format-standard","has-post-thumbnail","hentry","category-unkategorisiert"],"_links":{"self":[{"href":"https:\/\/www.amc-arnsberg.de\/index.php?rest_route=\/wp\/v2\/posts\/7606","targetHints":{"allow":["GET"]}}],"collection":[{"href":"https:\/\/www.amc-arnsberg.de\/index.php?rest_route=\/wp\/v2\/posts"}],"about":[{"href":"https:\/\/www.amc-arnsberg.de\/index.php?rest_route=\/wp\/v2\/types\/post"}],"author":[{"embeddable":true,"href":"https:\/\/www.amc-arnsberg.de\/index.php?rest_route=\/wp\/v2\/users\/8"}],"replies":[{"embeddable":true,"href":"https:\/\/www.amc-arnsberg.de\/index.php?rest_route=%2Fwp%2Fv2%2Fcomments&post=7606"}],"version-history":[{"count":9,"href":"https:\/\/www.amc-arnsberg.de\/index.php?rest_route=\/wp\/v2\/posts\/7606\/revisions"}],"predecessor-version":[{"id":7666,"href":"https:\/\/www.amc-arnsberg.de\/index.php?rest_route=\/wp\/v2\/posts\/7606\/revisions\/7666"}],"wp:featuredmedia":[{"embeddable":true,"href":"https:\/\/www.amc-arnsberg.de\/index.php?rest_route=\/wp\/v2\/media\/7611"}],"wp:attachment":[{"href":"https:\/\/www.amc-arnsberg.de\/index.php?rest_route=%2Fwp%2Fv2%2Fmedia&parent=7606"}],"wp:term":[{"taxonomy":"category","embeddable":true,"href":"https:\/\/www.amc-arnsberg.de\/index.php?rest_route=%2Fwp%2Fv2%2Fcategories&post=7606"},{"taxonomy":"post_tag","embeddable":true,"href":"https:\/\/www.amc-arnsberg.de\/index.php?rest_route=%2Fwp%2Fv2%2Ftags&post=7606"}],"curies":[{"name":"wp","href":"https:\/\/api.w.org\/{rel}","templated":true}]}}